{"id":3247,"date":"2026-08-29T15:44:57","date_gmt":"2026-08-29T13:44:57","guid":{"rendered":"https:\/\/strechabudejc.cz\/?p=3247"},"modified":"2026-08-30T12:14:07","modified_gmt":"2026-08-30T10:14:07","slug":"12-9-adios-verano","status":"publish","type":"post","link":"https:\/\/strechabudejc.cz\/es\/12-9-tak-cau-leto\/","title":{"rendered":"12 de septiembre. \u00a1Adi\u00f3s, verano!"},"content":{"rendered":"<p class=\"isSelectedEnd\">\ud83c\udf05 <strong>\u00a1UNA DESPEDIDA DEL VERANO A LO GRANDE!<\/strong> \ud83c\udf79\ud83c\udfa7<\/p>\n<p class=\"isSelectedEnd\">El verano se acaba. \u00a1Pero nosotros a\u00fan no vamos a parar! \ud83d\udd25<\/p>\n<p class=\"isSelectedEnd\">Nos espera <strong>El \u00faltimo gran evento de esta temporada en el SkyBar<\/strong> \u00a1Y, al mismo tiempo, la \u00faltima oportunidad para disfrutar de nuestro ambiente \u00fanico sobre la ciudad! \ud83c\udf03<\/p>\n<p class=\"isSelectedEnd\">\ud83d\udd54 <strong>COMIENZO A LAS 17:00<\/strong><\/p>\n<p class=\"isSelectedEnd\">\ud83c\udf78 <strong>\u00a1BEBIDAS A PRECIOS DE GANGA!<\/strong><br \/>\nTenemos que liquidar las existencias, as\u00ed que esta vez no esper\u00e9is los precios habituales. \ud83d\ude0e \u00a1Venid a ayudarnos a hacer un buen espacio en el almac\u00e9n!<\/p>\n<p class=\"isSelectedEnd\">\ud83c\udfa7 <strong>LA M\u00daSICA CORRE A CARGO DE:<\/strong><br \/>\n\u2728 <strong>Nathalee<\/strong> \u2013 energ\u00eda, estilo y una buena dosis de ganas de bailar<br \/>\n\ud83d\udd25 <strong>Dave Pou\u0161t\u011b\u010d<\/strong> \u2013 un maestro del estilo retro que sabe c\u00f3mo hacer que la gente se ponga en marcha<\/p>\n<p class=\"isSelectedEnd\">\u00bfY lo mejor de todo? <strong>LA ENTRADA ES VOLUNTARIA.<\/strong> \u2764\ufe0f<\/p>\n<p class=\"isSelectedEnd\">As\u00ed que nada de excusas. Trae a un amigo, a tu pareja, a un vecino o a cualquiera que a\u00fan no est\u00e9 dispuesto a olvidarse del verano.<\/p>\n<p><strong>La \u00faltima gran noche. Las \u00faltimas copas. El \u00faltimo baile.<br \/>\n\u00a1Nos despedimos del verano como es debido! \ud83c\udf05\ud83e\udd42\ud83c\udfb6<\/strong><\/p>","protected":false},"excerpt":{"rendered":"<p>\ud83c\udf05 LOU\u010cEN\u00cd S L\u00c9TEM VE VELK\u00c9M STYLU! \ud83c\udf79\ud83c\udfa7 L\u00e9to kon\u010d\u00ed. My ale je\u0161t\u011b rozhodn\u011b nekon\u010d\u00edme! \ud83d\udd25 \u010cek\u00e1 n\u00e1s posledn\u00ed velk\u00e1 akce t\u00e9to sez\u00f3ny ve SkyBaru a z\u00e1rove\u0148 posledn\u00ed \u0161ance u\u017e\u00edt si na\u0161i jedine\u010dnou atmosf\u00e9ru nad m\u011bstem! \ud83c\udf03 \ud83d\udd54 START 17:00 \ud83c\udf78 DRINKY ZA ZLOMEK CENY! Pot\u0159ebujeme vyprodat z\u00e1soby, tak\u017ee tentokr\u00e1t ne\u010dekejte b\u011b\u017en\u00e9 ceny. \ud83d\ude0e P\u0159ij\u010fte [&hellip;]<\/p>\n","protected":false},"author":2,"featured_media":3248,"comment_status":"closed","ping_status":"closed","sticky":false,"template":"","format":"standard","meta":{"_acf_changed":false,"footnotes":""},"categories":[1],"tags":[],"class_list":["post-3247","post","type-post","status-publish","format-standard","has-post-thumbnail","hentry","category-uncategorized"],"acf":[],"_links":{"self":[{"href":"https:\/\/strechabudejc.cz\/es\/wp-json\/wp\/v2\/posts\/3247","targetHints":{"allow":["GET"]}}],"collection":[{"href":"https:\/\/strechabudejc.cz\/es\/wp-json\/wp\/v2\/posts"}],"about":[{"href":"https:\/\/strechabudejc.cz\/es\/wp-json\/wp\/v2\/types\/post"}],"author":[{"embeddable":true,"href":"https:\/\/strechabudejc.cz\/es\/wp-json\/wp\/v2\/users\/2"}],"replies":[{"embeddable":true,"href":"https:\/\/strechabudejc.cz\/es\/wp-json\/wp\/v2\/comments?post=3247"}],"version-history":[{"count":4,"href":"https:\/\/strechabudejc.cz\/es\/wp-json\/wp\/v2\/posts\/3247\/revisions"}],"predecessor-version":[{"id":3253,"href":"https:\/\/strechabudejc.cz\/es\/wp-json\/wp\/v2\/posts\/3247\/revisions\/3253"}],"wp:featuredmedia":[{"embeddable":true,"href":"https:\/\/strechabudejc.cz\/es\/wp-json\/wp\/v2\/media\/3248"}],"wp:attachment":[{"href":"https:\/\/strechabudejc.cz\/es\/wp-json\/wp\/v2\/media?parent=3247"}],"wp:term":[{"taxonomy":"category","embeddable":true,"href":"https:\/\/strechabudejc.cz\/es\/wp-json\/wp\/v2\/categories?post=3247"},{"taxonomy":"post_tag","embeddable":true,"href":"https:\/\/strechabudejc.cz\/es\/wp-json\/wp\/v2\/tags?post=3247"}],"curies":[{"name":"wp","href":"https:\/\/api.w.org\/{rel}","templated":true}]}}